{"id":941,"date":"2023-04-30T01:03:36","date_gmt":"2023-04-29T23:03:36","guid":{"rendered":"http:\/\/www.ecuriedelamarniere.fr\/?p=941"},"modified":"2026-03-14T20:44:38","modified_gmt":"2026-03-14T19:44:38","slug":"programme-de-lete-2023","status":"publish","type":"post","link":"https:\/\/www.ecuriedelamarniere.fr\/index.php\/2023\/04\/30\/programme-de-lete-2023\/","title":{"rendered":"Programme de l&rsquo;\u00e9t\u00e9 2023"},"content":{"rendered":"\n<p><strong>Bonjour \u00e0 tous,<\/strong><\/p>\n\n\n\n<p>Voici en PJ le programme de votre \u00e9t\u00e9 au centre \u00e9questre. Stages de pr\u00e9paration et d&rsquo;examens des galops f\u00e9d\u00e9raux, balades, semaines poney pr\u00e9f\u00e9r\u00e9, cours collectifs&#8230; Planning \u00e9volutif selon vos envies ; possibilit\u00e9 d&rsquo;ajout de stages \u00e0 th\u00e8me (pony-games, equifun, travail \u00e0 pied&#8230;) au mois d&rsquo;ao\u00fbt et cours particuliers sur demande !<\/p>\n\n\n\n<p><strong>Pour les passages de Galops :<\/strong><br>&#8211; la pr\u00e9paration et l&rsquo;examen du Galop 1 se font sur une journ\u00e9e<br>&#8211; la pr\u00e9paration et l&rsquo;examen des Galops 2 et 3 se font sur deux jours (1 jour pr\u00e9pa 1 jour examen)<br>&#8211; la pr\u00e9paration et l&rsquo;examen des Galops 4\/5\/6\/7 se font sur 3 jours (2 jours pr\u00e9pa 1 jour examen)<br>Pour les cavaliers ayant d\u00e9j\u00e0 particip\u00e9s r\u00e9guli\u00e8rement aux stages des vacances pr\u00e9c\u00e9dentes, possibilit\u00e9 de se pr\u00e9senter directement \u00e0 la journ\u00e9e d&rsquo;examen suivant le niveau.<br><strong>Pour info, vous trouverez sur ces liens les programmes synth\u00e9tiques des examens:<\/strong><br><strong>&#8211;\u00a0<\/strong><a rel=\"noreferrer noopener\" href=\"https:\/\/www.ffe.com\/system\/files\/cavalier\/documents\/pdf\/PROGRAMME_OFFICIEL_GALOPS_CAVALIER_1a7_SYNTHETIQUE.pdf\" target=\"_blank\">Galops f\u00e9d\u00e9raux<\/a><br><strong>&#8211;\u00a0<\/strong><a rel=\"noreferrer noopener\" href=\"https:\/\/www.ffe.com\/system\/files\/cavalier\/documents\/pdf\/PLAN_FORMATION_GALOPS_PONEYS_FFE.pdf\" target=\"_blank\">Shet Bronze Argent et Or<\/a><br><strong>&#8211; Vous pouvez commander les manuels de th\u00e9orie directement sur la\u00a0<\/strong><a rel=\"noreferrer noopener\" href=\"http:\/\/boutique.ffe.com\/\" target=\"_blank\">boutique FFE<\/a><\/p>\n\n\n\n<p><strong>Concernant les cours collectifs,<\/strong>&nbsp;toutes les cartes de cours devront \u00eatre imp\u00e9rativement termin\u00e9es au 03 septembre 2023<strong>. Il y aura possibilit\u00e9 de prendre des cartes r\u00e9duites couvrant vos p\u00e9riodes de pr\u00e9sence durant l&rsquo;\u00e9t\u00e9.<\/strong><\/p>\n\n\n\n<p>D&rsquo;ici l&rsquo;\u00e9t\u00e9,\u00a0d&rsquo;autres \u00e9v\u00e8nements sont \u00e0 venir :<br><strong>-18 mai : balade\u00a0<\/strong>de 10h \u00e0 12h 35\u20ac<br><strong>-19 &amp; 20 mai : journ\u00e9es nettoyage de printemps<\/strong>.\u00a0D\u00e9broussaillage, \u00e9lagage, nettoyage, rangement, &#8230;. Toutes les petites mains seront les bienvenues ! Le samedi 20 mai soir barbecue en commun; chacun ram\u00e8ne une salade ou des grillades, nous nous occupons des boissons ! Venez partager un moment convivial qui permet \u00e0 la fois de maintenir le club accueillant et de se retrouver ! Indiquez-nous votre pr\u00e9sence sur mes-ecuries.com.<br><strong>&#8211; 3 juin 18h \u00e0 la maison des Arches : Soir\u00e9e f\u00eate du club avec Paella !<\/strong>\u00a0Cette ann\u00e9e, l&rsquo;Association des Cavaliers de la Marni\u00e8re (ACM) organise la soir\u00e9e du club. R\u00e9servez-vite avant le 13 mai inclus. 22\u20ac adultes &amp; 14\u20ac pour les enfants de -12ans.\u00a0<a rel=\"noreferrer noopener\" href=\"https:\/\/drive.google.com\/file\/d\/12FrrZKI7exE8PVA2U4oCSHTBwjgU0eJD\/view?usp=share_link\" target=\"_blank\">Talon r\u00e9ponse<\/a>\u00a0(des talons r\u00e9ponses sont aussi disponibles dans l&rsquo;\u00e9curie poney au club.)<br><strong>&#8211; 4 juin apr\u00e8s-midi : aprem jeux pour la f\u00eate du club !\u00a0<\/strong>Pony-Games, B\u00e9r\u00eat basket, parcours parall\u00e8le, barres musicales. R\u00e9servation sur mes-ecuries.com 10\u20ac \/ activit\u00e9.<br><strong>&#8211; 11 juin : Concours Officiel d&rsquo;Equifun !\u00a0<\/strong>Nous organiserons notre premier concours officiel d&rsquo;Equifun ouvert aux cavaliers ext\u00e9rieurs. Tous les cavaliers du club ayant participer aux diff\u00e9rents stages \u00e9quifun peuvent y participer ! Nous aurons \u00e9galement besoin d&rsquo;un grand nombre de b\u00e9n\u00e9voles pour assurer le bon d\u00e9roulement de cette manifestation. N&rsquo;h\u00e9sitez pas \u00e0 nous rejoindre si vous \u00eates disponibles (indiquez votre pr\u00e9sence sur mes-ecuries.com !)<\/p>\n\n\n<div class=\"wp-block-image\">\n<figure class=\"aligncenter size-large\"><img loading=\"lazy\" decoding=\"async\" width=\"724\" height=\"1024\" src=\"http:\/\/nmuwdom.cluster021.hosting.ovh.net\/ecuriedelamarniere\/wp-content\/uploads\/2023\/05\/juillet2023-724x1024.jpg\" alt=\"\" class=\"wp-image-942\" srcset=\"https:\/\/www.ecuriedelamarniere.fr\/wp-content\/uploads\/2023\/05\/juillet2023-724x1024.jpg 724w, https:\/\/www.ecuriedelamarniere.fr\/wp-content\/uploads\/2023\/05\/juillet2023-212x300.jpg 212w, https:\/\/www.ecuriedelamarniere.fr\/wp-content\/uploads\/2023\/05\/juillet2023-768x1086.jpg 768w, https:\/\/www.ecuriedelamarniere.fr\/wp-content\/uploads\/2023\/05\/juillet2023-1086x1536.jpg 1086w, https:\/\/www.ecuriedelamarniere.fr\/wp-content\/uploads\/2023\/05\/juillet2023-1448x2048.jpg 1448w, https:\/\/www.ecuriedelamarniere.fr\/wp-content\/uploads\/2023\/05\/juillet2023.jpg 1600w\" sizes=\"auto, (max-width: 724px) 100vw, 724px\" \/><\/figure>\n<\/div>\n\n<div class=\"wp-block-image\">\n<figure class=\"aligncenter size-large\"><img loading=\"lazy\" decoding=\"async\" width=\"725\" height=\"1024\" src=\"http:\/\/nmuwdom.cluster021.hosting.ovh.net\/ecuriedelamarniere\/wp-content\/uploads\/2023\/05\/aout2023-725x1024.jpg\" alt=\"\" class=\"wp-image-943\" srcset=\"https:\/\/www.ecuriedelamarniere.fr\/wp-content\/uploads\/2023\/05\/aout2023-725x1024.jpg 725w, https:\/\/www.ecuriedelamarniere.fr\/wp-content\/uploads\/2023\/05\/aout2023-212x300.jpg 212w, https:\/\/www.ecuriedelamarniere.fr\/wp-content\/uploads\/2023\/05\/aout2023-768x1085.jpg 768w, https:\/\/www.ecuriedelamarniere.fr\/wp-content\/uploads\/2023\/05\/aout2023-1087x1536.jpg 1087w, https:\/\/www.ecuriedelamarniere.fr\/wp-content\/uploads\/2023\/05\/aout2023-1449x2048.jpg 1449w, https:\/\/www.ecuriedelamarniere.fr\/wp-content\/uploads\/2023\/05\/aout2023.jpg 1600w\" sizes=\"auto, (max-width: 725px) 100vw, 725px\" \/><\/figure>\n<\/div>\n\n\n<p><strong>N&rsquo;h\u00e9sitez pas \u00e0 vous rapprocher de vos enseignants pour tout compl\u00e9ment d&rsquo;information !<\/strong><\/p>\n\n\n\n<p><strong>A tr\u00e8s vite !<\/strong><\/p>\n","protected":false},"excerpt":{"rendered":"<p>Bonjour \u00e0 tous, Voici en PJ le programme de votre \u00e9t\u00e9 au centre \u00e9questre. Stages de pr\u00e9paration et d&rsquo;examens des galops f\u00e9d\u00e9raux, balades, semaines poney pr\u00e9f\u00e9r\u00e9, cours collectifs&#8230; Planning \u00e9volutif selon vos envies ; possibilit\u00e9 d&rsquo;ajout de stages \u00e0 th\u00e8me (pony-games, equifun, travail \u00e0 pied&#8230;) au mois d&rsquo;ao\u00fbt et cours particuliers sur demande ! Pour [&hellip;]<\/p>\n","protected":false},"author":1,"featured_media":940,"comment_status":"closed","ping_status":"closed","sticky":false,"template":"","format":"standard","meta":{"footnotes":""},"categories":[5],"tags":[6,9,16,22,26,30],"class_list":["post-941","post","type-post","status-publish","format-standard","has-post-thumbnail","hentry","category-actu","tag-6","tag-cheval","tag-ete","tag-poney","tag-stages","tag-vacances"],"_links":{"self":[{"href":"https:\/\/www.ecuriedelamarniere.fr\/index.php\/wp-json\/wp\/v2\/posts\/941","targetHints":{"allow":["GET"]}}],"collection":[{"href":"https:\/\/www.ecuriedelamarniere.fr\/index.php\/wp-json\/wp\/v2\/posts"}],"about":[{"href":"https:\/\/www.ecuriedelamarniere.fr\/index.php\/wp-json\/wp\/v2\/types\/post"}],"author":[{"embeddable":true,"href":"https:\/\/www.ecuriedelamarniere.fr\/index.php\/wp-json\/wp\/v2\/users\/1"}],"replies":[{"embeddable":true,"href":"https:\/\/www.ecuriedelamarniere.fr\/index.php\/wp-json\/wp\/v2\/comments?post=941"}],"version-history":[{"count":1,"href":"https:\/\/www.ecuriedelamarniere.fr\/index.php\/wp-json\/wp\/v2\/posts\/941\/revisions"}],"predecessor-version":[{"id":1436,"href":"https:\/\/www.ecuriedelamarniere.fr\/index.php\/wp-json\/wp\/v2\/posts\/941\/revisions\/1436"}],"wp:featuredmedia":[{"embeddable":true,"href":"https:\/\/www.ecuriedelamarniere.fr\/index.php\/wp-json\/wp\/v2\/media\/940"}],"wp:attachment":[{"href":"https:\/\/www.ecuriedelamarniere.fr\/index.php\/wp-json\/wp\/v2\/media?parent=941"}],"wp:term":[{"taxonomy":"category","embeddable":true,"href":"https:\/\/www.ecuriedelamarniere.fr\/index.php\/wp-json\/wp\/v2\/categories?post=941"},{"taxonomy":"post_tag","embeddable":true,"href":"https:\/\/www.ecuriedelamarniere.fr\/index.php\/wp-json\/wp\/v2\/tags?post=941"}],"curies":[{"name":"wp","href":"https:\/\/api.w.org\/{rel}","templated":true}]}}