{"id":931,"date":"2023-05-27T18:41:42","date_gmt":"2023-05-27T16:41:42","guid":{"rendered":"http:\/\/www.ecuriedelamarniere.fr\/?p=931"},"modified":"2026-03-14T20:44:38","modified_gmt":"2026-03-14T19:44:38","slug":"rentree-2023-2024","status":"publish","type":"post","link":"https:\/\/www.ecuriedelamarniere.fr\/index.php\/2023\/05\/27\/rentree-2023-2024\/","title":{"rendered":"Rentr\u00e9e 2023\/2024"},"content":{"rendered":"\n<p>La semaine de rentr\u00e9e pour la saison 2023\/2024 est la semaine du 04 septembre. <\/p>\n\n\n\n<p>Ci-dessous le <strong>planning pr\u00e9visionnel<\/strong>. <mark style=\"background-color:rgba(0, 0, 0, 0)\" class=\"has-inline-color has-vivid-red-color\"><strong>Ce planning est sujet \u00e0 modification : en fonction du taux de remplissage des diff\u00e9rents cours, certains pourront \u00eatre regroup\u00e9s courant septembre.<\/strong><\/mark> <mark style=\"background-color:rgba(0, 0, 0, 0)\" class=\"has-inline-color has-vivid-red-color\"><strong>D&rsquo;autres cr\u00e9neaux peuvent s&rsquo;ouvrir suivant les demandes.<\/strong><\/mark><\/p>\n\n\n\n<p>Il reste encore quelques places dans les cours suivants :<\/p>\n\n\n<div class=\"wp-block-image\">\n<figure class=\"aligncenter size-large\"><img loading=\"lazy\" decoding=\"async\" width=\"1024\" height=\"733\" src=\"http:\/\/nmuwdom.cluster021.hosting.ovh.net\/ecuriedelamarniere\/wp-content\/uploads\/2023\/09\/PLANNING-20232024_page-0001-e1694282368242-1024x733.jpg\" alt=\"\" class=\"wp-image-1058\" srcset=\"https:\/\/www.ecuriedelamarniere.fr\/wp-content\/uploads\/2023\/09\/PLANNING-20232024_page-0001-e1694282368242-1024x733.jpg 1024w, https:\/\/www.ecuriedelamarniere.fr\/wp-content\/uploads\/2023\/09\/PLANNING-20232024_page-0001-e1694282368242-300x215.jpg 300w, https:\/\/www.ecuriedelamarniere.fr\/wp-content\/uploads\/2023\/09\/PLANNING-20232024_page-0001-e1694282368242-768x550.jpg 768w, https:\/\/www.ecuriedelamarniere.fr\/wp-content\/uploads\/2023\/09\/PLANNING-20232024_page-0001-e1694282368242.jpg 1421w\" sizes=\"auto, (max-width: 1024px) 100vw, 1024px\" \/><\/figure>\n<\/div>\n\n\n<p>Ci-dessous, la nouvelle grille tarifaire valable \u00e0 compter du 1er septembre 2023. Certaines prestations ont \u00e9t\u00e9 augment\u00e9es en r\u00e9ponse aux augmentations des fournisseurs : 60% sur les granul\u00e9s, 20% sur les fourrages et copeaux, augmentations des prix des carburants, de l&rsquo;\u00e9lectricit\u00e9, du mat\u00e9riel d&rsquo;\u00e9curie, de sellerie, des chevaux et poneys d&rsquo;\u00e9cole, des prestations de services ext\u00e9rieurs (mar\u00e9chalerie, v\u00e9t\u00e9rinaire), etc&#8230; Dans le m\u00eame temps : fin des aides au lancement jeunes agriculteurs MSA et GROUPAMA et r\u00e9ductions des aides \u00e0 l&rsquo;apprentissage. Conscient du contexte \u00e9conomique actuel et des augmentations que cela repr\u00e9sente dans vos budgets, nous nous engagerons \u00e0 prendre les Pass&rsquo;Sports sur les cotisations pour la rentr\u00e9e prochaine <mark style=\"background-color:rgba(0, 0, 0, 0)\" class=\"has-inline-color has-vivid-red-color\"><strong>sous forme d&rsquo;avoir si votre adh\u00e9sion a d\u00e9j\u00e0 \u00e9t\u00e9 pr\u00e9r\u00e9gl\u00e9e.<\/strong><\/mark><\/p>\n\n\n<div class=\"wp-block-image\">\n<figure class=\"aligncenter size-large\"><a href=\"https:\/\/drive.google.com\/file\/d\/1yj0vDdGgU8syFLmBACGLDJCgN47_YY0e\/view?usp=share_link\" target=\"_blank\" rel=\"noreferrer noopener\"><img loading=\"lazy\" decoding=\"async\" width=\"832\" height=\"1024\" src=\"http:\/\/nmuwdom.cluster021.hosting.ovh.net\/ecuriedelamarniere\/wp-content\/uploads\/2023\/08\/TARIFS-ECURIE-DE-LA-MARNIERE-vf-20232024-DEF3_page-0001-scaled-e1691521798362-832x1024.jpg\" alt=\"\" class=\"wp-image-1053\" srcset=\"https:\/\/www.ecuriedelamarniere.fr\/wp-content\/uploads\/2023\/08\/TARIFS-ECURIE-DE-LA-MARNIERE-vf-20232024-DEF3_page-0001-scaled-e1691521798362-832x1024.jpg 832w, https:\/\/www.ecuriedelamarniere.fr\/wp-content\/uploads\/2023\/08\/TARIFS-ECURIE-DE-LA-MARNIERE-vf-20232024-DEF3_page-0001-scaled-e1691521798362-244x300.jpg 244w, https:\/\/www.ecuriedelamarniere.fr\/wp-content\/uploads\/2023\/08\/TARIFS-ECURIE-DE-LA-MARNIERE-vf-20232024-DEF3_page-0001-scaled-e1691521798362-768x946.jpg 768w, https:\/\/www.ecuriedelamarniere.fr\/wp-content\/uploads\/2023\/08\/TARIFS-ECURIE-DE-LA-MARNIERE-vf-20232024-DEF3_page-0001-scaled-e1691521798362-1247x1536.jpg 1247w, https:\/\/www.ecuriedelamarniere.fr\/wp-content\/uploads\/2023\/08\/TARIFS-ECURIE-DE-LA-MARNIERE-vf-20232024-DEF3_page-0001-scaled-e1691521798362-1663x2048.jpg 1663w, https:\/\/www.ecuriedelamarniere.fr\/wp-content\/uploads\/2023\/08\/TARIFS-ECURIE-DE-LA-MARNIERE-vf-20232024-DEF3_page-0001-scaled-e1691521798362.jpg 1689w\" sizes=\"auto, (max-width: 832px) 100vw, 832px\" \/><\/a><\/figure>\n<\/div>\n\n\n<p>Nous abandonnons \u00e9galement le syst\u00e8me de cartes actuel qui fragilise la tr\u00e9sorerie en cas d&rsquo;absence non rattrap\u00e9e des cavaliers : en effet, lorsqu&rsquo;un cavalier r\u00e9serve une place sur une reprise en d\u00e9but d&rsquo;ann\u00e9e, ce cr\u00e9neau horaire lui est r\u00e9serv\u00e9, permettant ainsi la gestion des groupes d\u2019\u00e9l\u00e8ves en nombre limit\u00e9, de la cavalerie, des installations sportives et du personnel. C&rsquo;est pourquoi nous devons mettre en place un forfait annuel. Ce nouveau mode de fonctionnement s&rsquo;av\u00e8re n\u00e9cessaire afin de garantir un niveau de revenus constant et suffisant tout au long de l&rsquo;ann\u00e9e pour subvenir en premier lieu aux besoins quotidiens de la cavalerie et aux charges fixes. Des facilit\u00e9s de paiement seront mises en place ; Adh\u00e9sion : paiement \u00e0 l&rsquo;inscription. Forfait : paiement jusqu&rsquo;\u00e0 10 ch\u00e8ques encaiss\u00e9s de septembre \u00e0 juin.<\/p>\n\n\n\n<p>La pension de base sera augment\u00e9e de 5% ce qui couvre tout juste les frais g\u00e9n\u00e9raux d&rsquo;h\u00e9bergement \u00e0 ce jour. Les prestations de services annexes engageant notre temps seront factur\u00e9es d\u00e8s la rentr\u00e9e. <\/p>\n\n\n\n<p><strong>Pour les inscriptions <\/strong>: Toutes les r\u00e9servations de cr\u00e9neaux sont enregistr\u00e9es <mark style=\"background-color:rgba(0, 0, 0, 0)\" class=\"has-inline-color has-vivid-red-color\"><strong>\u00e0 r\u00e9ception du dossier d&rsquo;inscription complet avec les r\u00e8glements.<\/strong><\/mark><\/p>\n\n\n\n<p><strong>Lien pour t\u00e9l\u00e9charger le dossier d&rsquo;inscription 2023\/2024 :<\/strong> <a rel=\"noreferrer noopener\" href=\"https:\/\/drive.google.com\/drive\/folders\/1szRsI7994uByCp0t_XdgVcQkdwVem2hf?usp=share_link\" target=\"_blank\">Espace documents CLUB Google Drive<\/a><\/p>\n\n\n\n<p>Des s\u00e9ances de d\u00e9couverte peuvent \u00eatre prises au tarif de 28 \u20ac. En cas de souscription, <strong>ces s\u00e9ances seront d\u00e9duite du forfait.<\/strong><\/p>\n\n\n\n<p>N&rsquo;h\u00e9sitez pas \u00e0 nous contacter pour tout compl\u00e9ment d&rsquo;information.<\/p>\n\n\n\n<p>Nous vous souhaitons de belles vacances d&rsquo;\u00e9t\u00e9 \u00e0 tr\u00e8s bient\u00f4t \ud83d\ude42<\/p>\n","protected":false},"excerpt":{"rendered":"<p>La semaine de rentr\u00e9e pour la saison 2023\/2024 est la semaine du 04 septembre. Ci-dessous le planning pr\u00e9visionnel. Ce planning est sujet \u00e0 modification : en fonction du taux de remplissage des diff\u00e9rents cours, certains pourront \u00eatre regroup\u00e9s courant septembre. D&rsquo;autres cr\u00e9neaux peuvent s&rsquo;ouvrir suivant les demandes. Il reste encore quelques places dans les cours [&hellip;]<\/p>\n","protected":false},"author":1,"featured_media":940,"comment_status":"closed","ping_status":"closed","sticky":false,"template":"","format":"standard","meta":{"footnotes":""},"categories":[5],"tags":[9,13,22,27],"class_list":["post-931","post","type-post","status-publish","format-standard","has-post-thumbnail","hentry","category-actu","tag-cheval","tag-equitation","tag-poney","tag-tarif"],"_links":{"self":[{"href":"https:\/\/www.ecuriedelamarniere.fr\/index.php\/wp-json\/wp\/v2\/posts\/931","targetHints":{"allow":["GET"]}}],"collection":[{"href":"https:\/\/www.ecuriedelamarniere.fr\/index.php\/wp-json\/wp\/v2\/posts"}],"about":[{"href":"https:\/\/www.ecuriedelamarniere.fr\/index.php\/wp-json\/wp\/v2\/types\/post"}],"author":[{"embeddable":true,"href":"https:\/\/www.ecuriedelamarniere.fr\/index.php\/wp-json\/wp\/v2\/users\/1"}],"replies":[{"embeddable":true,"href":"https:\/\/www.ecuriedelamarniere.fr\/index.php\/wp-json\/wp\/v2\/comments?post=931"}],"version-history":[{"count":1,"href":"https:\/\/www.ecuriedelamarniere.fr\/index.php\/wp-json\/wp\/v2\/posts\/931\/revisions"}],"predecessor-version":[{"id":1434,"href":"https:\/\/www.ecuriedelamarniere.fr\/index.php\/wp-json\/wp\/v2\/posts\/931\/revisions\/1434"}],"wp:featuredmedia":[{"embeddable":true,"href":"https:\/\/www.ecuriedelamarniere.fr\/index.php\/wp-json\/wp\/v2\/media\/940"}],"wp:attachment":[{"href":"https:\/\/www.ecuriedelamarniere.fr\/index.php\/wp-json\/wp\/v2\/media?parent=931"}],"wp:term":[{"taxonomy":"category","embeddable":true,"href":"https:\/\/www.ecuriedelamarniere.fr\/index.php\/wp-json\/wp\/v2\/categories?post=931"},{"taxonomy":"post_tag","embeddable":true,"href":"https:\/\/www.ecuriedelamarniere.fr\/index.php\/wp-json\/wp\/v2\/tags?post=931"}],"curies":[{"name":"wp","href":"https:\/\/api.w.org\/{rel}","templated":true}]}}