{"id":870,"date":"2022-12-15T12:11:06","date_gmt":"2022-12-15T11:11:06","guid":{"rendered":"http:\/\/www.ecuriedelamarniere.fr\/?p=870"},"modified":"2026-03-14T20:44:38","modified_gmt":"2026-03-14T19:44:38","slug":"creation-de-lasso","status":"publish","type":"post","link":"https:\/\/www.ecuriedelamarniere.fr\/index.php\/2022\/12\/15\/creation-de-lasso\/","title":{"rendered":"Cr\u00e9ation de l&rsquo;asso"},"content":{"rendered":"\n<p>Notre association \u00ab\u00a0LES CAVALIERS DE LA MARNIERE\u00a0\u00bb est enfin sur pied !<br><br>Celle-ci est destin\u00e9e \u00e0 promouvoir l&rsquo;\u00e9quitation au sein de notre \u00e9curie en participant \u00e0 l&rsquo;organisation de manifestations ou de stages de perfectionnement, en am\u00e9liorant les conditions de pratique des cavaliers par l&rsquo;acquisition de fournitures ou en les soutenant pour les sorties annuelles aux championnats de France et en valorisant l&rsquo;acc\u00e8s \u00e0 l&rsquo;\u00e9quitation aux personnes en situation d&rsquo;handicap.<\/p>\n\n\n\n<p><br>Visitez notre page d\u00e9di\u00e9e en cliquant <a href=\"https:\/\/www.ecuriedelamarniere.fr\/acm\/\" data-type=\"URL\" data-id=\"https:\/\/www.ecuriedelamarniere.fr\/acm\/\" target=\"_blank\" rel=\"noreferrer noopener\">ICI <\/a>!<\/p>\n\n\n\n<p><br>On se r\u00e9jouit de mener nos projets futurs collectivement avec vous ! Rejoignez-nous !<\/p>\n","protected":false},"excerpt":{"rendered":"<p>Notre association \u00ab\u00a0LES CAVALIERS DE LA MARNIERE\u00a0\u00bb est enfin sur pied ! Celle-ci est destin\u00e9e \u00e0 promouvoir l&rsquo;\u00e9quitation au sein de notre \u00e9curie en participant \u00e0 l&rsquo;organisation de manifestations ou de stages de perfectionnement, en am\u00e9liorant les conditions de pratique des cavaliers par l&rsquo;acquisition de fournitures ou en les soutenant pour les sorties annuelles aux [&hellip;]<\/p>\n","protected":false},"author":1,"featured_media":940,"comment_status":"closed","ping_status":"closed","sticky":false,"template":"","format":"standard","meta":{"footnotes":""},"categories":[5],"tags":[],"class_list":["post-870","post","type-post","status-publish","format-standard","has-post-thumbnail","hentry","category-actu"],"_links":{"self":[{"href":"https:\/\/www.ecuriedelamarniere.fr\/index.php\/wp-json\/wp\/v2\/posts\/870","targetHints":{"allow":["GET"]}}],"collection":[{"href":"https:\/\/www.ecuriedelamarniere.fr\/index.php\/wp-json\/wp\/v2\/posts"}],"about":[{"href":"https:\/\/www.ecuriedelamarniere.fr\/index.php\/wp-json\/wp\/v2\/types\/post"}],"author":[{"embeddable":true,"href":"https:\/\/www.ecuriedelamarniere.fr\/index.php\/wp-json\/wp\/v2\/users\/1"}],"replies":[{"embeddable":true,"href":"https:\/\/www.ecuriedelamarniere.fr\/index.php\/wp-json\/wp\/v2\/comments?post=870"}],"version-history":[{"count":1,"href":"https:\/\/www.ecuriedelamarniere.fr\/index.php\/wp-json\/wp\/v2\/posts\/870\/revisions"}],"predecessor-version":[{"id":1437,"href":"https:\/\/www.ecuriedelamarniere.fr\/index.php\/wp-json\/wp\/v2\/posts\/870\/revisions\/1437"}],"wp:featuredmedia":[{"embeddable":true,"href":"https:\/\/www.ecuriedelamarniere.fr\/index.php\/wp-json\/wp\/v2\/media\/940"}],"wp:attachment":[{"href":"https:\/\/www.ecuriedelamarniere.fr\/index.php\/wp-json\/wp\/v2\/media?parent=870"}],"wp:term":[{"taxonomy":"category","embeddable":true,"href":"https:\/\/www.ecuriedelamarniere.fr\/index.php\/wp-json\/wp\/v2\/categories?post=870"},{"taxonomy":"post_tag","embeddable":true,"href":"https:\/\/www.ecuriedelamarniere.fr\/index.php\/wp-json\/wp\/v2\/tags?post=870"}],"curies":[{"name":"wp","href":"https:\/\/api.w.org\/{rel}","templated":true}]}}