{"id":687,"date":"2020-12-08T22:34:55","date_gmt":"2020-12-08T21:34:55","guid":{"rendered":"http:\/\/www.ecuriedelamarniere.fr\/?p=687"},"modified":"2026-03-14T20:44:13","modified_gmt":"2026-03-14T19:44:13","slug":"stages-de-noel","status":"publish","type":"post","link":"https:\/\/www.ecuriedelamarniere.fr\/index.php\/2020\/12\/08\/stages-de-noel\/","title":{"rendered":"Stages de No\u00ebl"},"content":{"rendered":"\n<p>Le planning des activit\u00e9s des vacances de No\u00ebl 2020 est en ligne ! Inscriptions sur mes-ecuries.com pour les adh\u00e9rents.<\/p>\n\n\n\n<p>Non-adh\u00e9rents : tel 06.72.43.70.69 ou ecuriedelamarniere@gmail.com<\/p>\n\n\n\n<figure class=\"wp-block-image size-large\"><img loading=\"lazy\" decoding=\"async\" width=\"1024\" height=\"857\" src=\"http:\/\/nmuwdom.cluster021.hosting.ovh.net\/ecuriedelamarniere\/wp-content\/uploads\/2020\/12\/stagess-1024x857.jpg\" alt=\"\" class=\"wp-image-688\" srcset=\"https:\/\/www.ecuriedelamarniere.fr\/wp-content\/uploads\/2020\/12\/stagess-1024x857.jpg 1024w, https:\/\/www.ecuriedelamarniere.fr\/wp-content\/uploads\/2020\/12\/stagess-300x251.jpg 300w, https:\/\/www.ecuriedelamarniere.fr\/wp-content\/uploads\/2020\/12\/stagess-768x643.jpg 768w, https:\/\/www.ecuriedelamarniere.fr\/wp-content\/uploads\/2020\/12\/stagess-1536x1286.jpg 1536w, https:\/\/www.ecuriedelamarniere.fr\/wp-content\/uploads\/2020\/12\/stagess-2048x1715.jpg 2048w\" sizes=\"auto, (max-width: 1024px) 100vw, 1024px\" \/><\/figure>\n","protected":false},"excerpt":{"rendered":"<p>Le planning des activit\u00e9s des vacances de No\u00ebl 2020 est en ligne ! Inscriptions sur mes-ecuries.com pour les adh\u00e9rents. Non-adh\u00e9rents : tel 06.72.43.70.69 ou ecuriedelamarniere@gmail.com<\/p>\n","protected":false},"author":1,"featured_media":688,"comment_status":"closed","ping_status":"closed","sticky":false,"template":"","format":"standard","meta":{"footnotes":""},"categories":[5],"tags":[13,18,26],"class_list":["post-687","post","type-post","status-publish","format-standard","has-post-thumbnail","hentry","category-actu","tag-equitation","tag-noel","tag-stages"],"_links":{"self":[{"href":"https:\/\/www.ecuriedelamarniere.fr\/index.php\/wp-json\/wp\/v2\/posts\/687","targetHints":{"allow":["GET"]}}],"collection":[{"href":"https:\/\/www.ecuriedelamarniere.fr\/index.php\/wp-json\/wp\/v2\/posts"}],"about":[{"href":"https:\/\/www.ecuriedelamarniere.fr\/index.php\/wp-json\/wp\/v2\/types\/post"}],"author":[{"embeddable":true,"href":"https:\/\/www.ecuriedelamarniere.fr\/index.php\/wp-json\/wp\/v2\/users\/1"}],"replies":[{"embeddable":true,"href":"https:\/\/www.ecuriedelamarniere.fr\/index.php\/wp-json\/wp\/v2\/comments?post=687"}],"version-history":[{"count":1,"href":"https:\/\/www.ecuriedelamarniere.fr\/index.php\/wp-json\/wp\/v2\/posts\/687\/revisions"}],"predecessor-version":[{"id":1443,"href":"https:\/\/www.ecuriedelamarniere.fr\/index.php\/wp-json\/wp\/v2\/posts\/687\/revisions\/1443"}],"wp:featuredmedia":[{"embeddable":true,"href":"https:\/\/www.ecuriedelamarniere.fr\/index.php\/wp-json\/wp\/v2\/media\/688"}],"wp:attachment":[{"href":"https:\/\/www.ecuriedelamarniere.fr\/index.php\/wp-json\/wp\/v2\/media?parent=687"}],"wp:term":[{"taxonomy":"category","embeddable":true,"href":"https:\/\/www.ecuriedelamarniere.fr\/index.php\/wp-json\/wp\/v2\/categories?post=687"},{"taxonomy":"post_tag","embeddable":true,"href":"https:\/\/www.ecuriedelamarniere.fr\/index.php\/wp-json\/wp\/v2\/tags?post=687"}],"curies":[{"name":"wp","href":"https:\/\/api.w.org\/{rel}","templated":true}]}}