{"id":669,"date":"2020-08-29T23:42:29","date_gmt":"2020-08-29T21:42:29","guid":{"rendered":"http:\/\/www.ecuriedelamarniere.fr\/?p=669"},"modified":"2026-03-14T20:44:13","modified_gmt":"2026-03-14T19:44:13","slug":"cest-la-rentree","status":"publish","type":"post","link":"https:\/\/www.ecuriedelamarniere.fr\/index.php\/2020\/08\/29\/cest-la-rentree\/","title":{"rendered":"C&rsquo;est la rentr\u00e9e !"},"content":{"rendered":"\n<div class=\"wp-block-image\"><figure class=\"alignleft size-large is-resized\"><img loading=\"lazy\" decoding=\"async\" src=\"http:\/\/nmuwdom.cluster021.hosting.ovh.net\/ecuriedelamarniere\/wp-content\/uploads\/2020\/08\/afficheA4-ENFANT1-724x1024.jpg\" alt=\"\" class=\"wp-image-670\" width=\"170\" height=\"240\" srcset=\"https:\/\/www.ecuriedelamarniere.fr\/wp-content\/uploads\/2020\/08\/afficheA4-ENFANT1-724x1024.jpg 724w, https:\/\/www.ecuriedelamarniere.fr\/wp-content\/uploads\/2020\/08\/afficheA4-ENFANT1-212x300.jpg 212w, https:\/\/www.ecuriedelamarniere.fr\/wp-content\/uploads\/2020\/08\/afficheA4-ENFANT1-768x1086.jpg 768w, https:\/\/www.ecuriedelamarniere.fr\/wp-content\/uploads\/2020\/08\/afficheA4-ENFANT1-1086x1536.jpg 1086w, https:\/\/www.ecuriedelamarniere.fr\/wp-content\/uploads\/2020\/08\/afficheA4-ENFANT1.jpg 1240w\" sizes=\"auto, (max-width: 170px) 100vw, 170px\" \/><\/figure><\/div>\n\n\n\n<p>Bonjour \u00e0 tous <img loading=\"lazy\" decoding=\"async\" height=\"16\" width=\"16\" alt=\"\ud83d\ude42\" src=\"https:\/\/static.xx.fbcdn.net\/images\/emoji.php\/v9\/ta5\/1.5\/16\/1f642.png\"><img loading=\"lazy\" decoding=\"async\" height=\"16\" width=\"16\" alt=\"\ud83d\udd1c\" src=\"https:\/\/static.xx.fbcdn.net\/images\/emoji.php\/v9\/t38\/1.5\/16\/1f51c.png\"> <\/p>\n\n\n\n<p>Bient\u00f4t la rentr\u00e9e <img loading=\"lazy\" decoding=\"async\" height=\"16\" width=\"16\" alt=\"\ud83d\ude03\" src=\"https:\/\/static.xx.fbcdn.net\/images\/emoji.php\/v9\/taa\/1.5\/16\/1f603.png\"> <\/p>\n\n\n\n<p>Les cours d\u00e9buteront \u00e0 compter de ce mardi 1er septembre ! <img loading=\"lazy\" decoding=\"async\" height=\"16\" width=\"16\" alt=\"\ud83d\udcc6\" src=\"https:\/\/static.xx.fbcdn.net\/images\/emoji.php\/v9\/t58\/1.5\/16\/1f4c6.png\"><\/p>\n\n\n\n<p>**********************<\/p>\n\n\n\n<p>Pour les pr\u00e9-inscrits, vous avez du d\u00e9j\u00e0 recevoir <img loading=\"lazy\" decoding=\"async\" height=\"16\" width=\"16\" alt=\"\ud83d\udce5\" src=\"https:\/\/static.xx.fbcdn.net\/images\/emoji.php\/v9\/t15\/1.5\/16\/1f4e5.png\">vos identifiants par mail<img loading=\"lazy\" decoding=\"async\" height=\"16\" width=\"16\" alt=\"\ud83d\udcf2\" src=\"https:\/\/static.xx.fbcdn.net\/images\/emoji.php\/v9\/t31\/1.5\/16\/1f4f2.png\"> pour vous connecter \u00e0 votre espace personnel sur le site <img loading=\"lazy\" decoding=\"async\" height=\"16\" width=\"16\" alt=\"\ud83d\udcbb\" src=\"https:\/\/static.xx.fbcdn.net\/images\/emoji.php\/v9\/te5\/1.5\/16\/1f4bb.png\"> des \u00e9curies. Celui-ci vous permet de suivre vos reprises, vos cartes, etc. Si vous ne les avez pas encore re\u00e7us, contactez-moi par message priv\u00e9. <img loading=\"lazy\" decoding=\"async\" height=\"16\" width=\"16\" alt=\"\ud83d\udce8\" src=\"https:\/\/static.xx.fbcdn.net\/images\/emoji.php\/v9\/t98\/1.5\/16\/1f4e8.png\"><\/p>\n\n\n\n<p><img loading=\"lazy\" decoding=\"async\" height=\"16\" width=\"16\" alt=\"\ud83d\udccb\" src=\"https:\/\/static.xx.fbcdn.net\/images\/emoji.php\/v9\/t84\/1.5\/16\/1f4cb.png\">Vous pouvez d\u00e9j\u00e0 t\u00e9l\u00e9charger et compl\u00e9ter votre dossier d&rsquo;inscription sur votre espace personnel. Vous pourrez nous le retourner le jour de votre cours.<\/p>\n\n\n\n<p>**********************<\/p>\n\n\n\n<p><img loading=\"lazy\" decoding=\"async\" height=\"16\" width=\"16\" alt=\"\u26a0\" src=\"https:\/\/static.xx.fbcdn.net\/images\/emoji.php\/v9\/t63\/1.5\/16\/26a0.png\"> ATTENTION <img loading=\"lazy\" decoding=\"async\" height=\"16\" width=\"16\" alt=\"\u26a0\" src=\"https:\/\/static.xx.fbcdn.net\/images\/emoji.php\/v9\/t63\/1.5\/16\/26a0.png\"> L\u2019heure de votre reprise est l\u2019heure de d\u00e9but du cours A CHEVAL. Pr\u00e9voir donc une demi-heure avant et apr\u00e8s la reprise pour la pr\u00e9paration de votre \u00e9quid\u00e9 et les soins (pansages, rangement du mat\u00e9riel etc\u2026) SAUF pour les cours \u00ab Baby \u00bb ou \u00ab D\u00e9butants \u00bb o\u00f9 les premi\u00e8res s\u00e9ances seront ax\u00e9es sur l\u2019approche et la pr\u00e9paration des poneys\/chevaux ; un quart d&rsquo;heure avant suffit.<\/p>\n\n\n\n<p>**********************<\/p>\n\n\n\n<p><img loading=\"lazy\" decoding=\"async\" height=\"16\" width=\"16\" alt=\"\ud83c\udd97\" src=\"https:\/\/static.xx.fbcdn.net\/images\/emoji.php\/v9\/t0\/1.5\/16\/1f197.png\">Nous sommes pr\u00eats \u00e0 vous accueillir et ce dans le respect des r\u00e8gles sanitaires en vigueur :<\/p>\n\n\n\n<p>&#8211; Le port du masque<img loading=\"lazy\" decoding=\"async\" height=\"16\" width=\"16\" alt=\"\ud83d\ude37\" src=\"https:\/\/static.xx.fbcdn.net\/images\/emoji.php\/v9\/t8b\/1.5\/16\/1f637.png\"> EST OBLIGATOIRE dans l&rsquo;enceinte du club SAUF \u00e0 cheval.<img loading=\"lazy\" decoding=\"async\" height=\"16\" width=\"16\" alt=\"\ud83c\udfc7\" src=\"https:\/\/static.xx.fbcdn.net\/images\/emoji.php\/v9\/t98\/1.5\/16\/1f3c7.png\"><\/p>\n\n\n\n<p>&#8211; D\u00e9sinfection des mains <img loading=\"lazy\" decoding=\"async\" height=\"16\" width=\"16\" alt=\"\ud83d\udc4f\" src=\"https:\/\/static.xx.fbcdn.net\/images\/emoji.php\/v9\/t57\/1.5\/16\/1f44f.png\"> \u00e0 votre arriv\u00e9e. (plusieurs distributeurs de gel hydroalcooliques \u00e0 l&rsquo;entr\u00e9e des \u00e9curies, toilettes)<\/p>\n\n\n\n<p>&#8211; Le mat\u00e9riel (selle\/filet) sera d\u00e9sinfect\u00e9 entre chaque cours. Merci d&rsquo;utiliser vos brosses et tapis si vous en poss\u00e9dez. Dans le cas contraire nous vous pr\u00eaterons le mat\u00e9riel n\u00e9cessaire et celui-ci sera d\u00e9sinfect\u00e9 apr\u00e8s utilisation.- Une personne \u00e0 la fois <img loading=\"lazy\" decoding=\"async\" height=\"16\" width=\"16\" alt=\"\ud83e\uddcd\" src=\"https:\/\/static.xx.fbcdn.net\/images\/emoji.php\/v9\/tcb\/1.5\/16\/1f9cd.png\"> dans les lieux clos (selleries, boxes, bureau&#8230;) Seuls les cavaliers seront autoris\u00e9s \u00e0 rentrer dans les \u00e9curies.<\/p>\n\n\n\n<p>&#8211; L&rsquo;acc\u00e8s au club-house n&rsquo;est pas autoris\u00e9 pour le moment. <img loading=\"lazy\" decoding=\"async\" height=\"16\" width=\"16\" alt=\"\u26d4\" src=\"https:\/\/static.xx.fbcdn.net\/images\/emoji.php\/v9\/t44\/1.5\/16\/26d4.png\"><\/p>\n\n\n\n<p>Merci \u00e0 tous de respecter ces consignes qui sont rappel\u00e9es partout dans le club. <img loading=\"lazy\" decoding=\"async\" height=\"16\" width=\"16\" alt=\"\ud83d\udc68\u200d\ud83d\udd2c\" src=\"https:\/\/static.xx.fbcdn.net\/images\/emoji.php\/v9\/t12\/1.5\/16\/1f468_200d_1f52c.png\"><img loading=\"lazy\" decoding=\"async\" height=\"16\" width=\"16\" alt=\"\ud83d\udc6e\u200d\u2642\" src=\"https:\/\/static.xx.fbcdn.net\/images\/emoji.php\/v9\/t44\/1.5\/16\/1f46e_200d_2642.png\"><\/p>\n\n\n\n<p>**********************<\/p>\n\n\n\n<p>Par ailleurs, n&rsquo;h\u00e9sitez pas \u00e0 nous rendre visite ce dimanche 30 ao\u00fbt de 13h30 \u00e0 18h00 pour nos portes ouvertes <img loading=\"lazy\" decoding=\"async\" height=\"16\" width=\"16\" alt=\"\ud83d\ude42\" src=\"https:\/\/static.xx.fbcdn.net\/images\/emoji.php\/v9\/ta5\/1.5\/16\/1f642.png\"><\/p>\n\n\n\n<p>**********************<\/p>\n\n\n\n<p>Au plaisir de vous accueillir prochainement,<\/p>\n\n\n\n<p>Ga\u00ebl.<\/p>\n","protected":false},"excerpt":{"rendered":"<p>Les cours d\u00e9buteront \u00e0 compter de ce mardi 1er septembre ! \ud83d\udcc6<\/p>\n","protected":false},"author":1,"featured_media":670,"comment_status":"closed","ping_status":"closed","sticky":false,"template":"","format":"standard","meta":{"footnotes":""},"categories":[5],"tags":[],"class_list":["post-669","post","type-post","status-publish","format-standard","has-post-thumbnail","hentry","category-actu"],"_links":{"self":[{"href":"https:\/\/www.ecuriedelamarniere.fr\/index.php\/wp-json\/wp\/v2\/posts\/669","targetHints":{"allow":["GET"]}}],"collection":[{"href":"https:\/\/www.ecuriedelamarniere.fr\/index.php\/wp-json\/wp\/v2\/posts"}],"about":[{"href":"https:\/\/www.ecuriedelamarniere.fr\/index.php\/wp-json\/wp\/v2\/types\/post"}],"author":[{"embeddable":true,"href":"https:\/\/www.ecuriedelamarniere.fr\/index.php\/wp-json\/wp\/v2\/users\/1"}],"replies":[{"embeddable":true,"href":"https:\/\/www.ecuriedelamarniere.fr\/index.php\/wp-json\/wp\/v2\/comments?post=669"}],"version-history":[{"count":2,"href":"https:\/\/www.ecuriedelamarniere.fr\/index.php\/wp-json\/wp\/v2\/posts\/669\/revisions"}],"predecessor-version":[{"id":1540,"href":"https:\/\/www.ecuriedelamarniere.fr\/index.php\/wp-json\/wp\/v2\/posts\/669\/revisions\/1540"}],"wp:featuredmedia":[{"embeddable":true,"href":"https:\/\/www.ecuriedelamarniere.fr\/index.php\/wp-json\/wp\/v2\/media\/670"}],"wp:attachment":[{"href":"https:\/\/www.ecuriedelamarniere.fr\/index.php\/wp-json\/wp\/v2\/media?parent=669"}],"wp:term":[{"taxonomy":"category","embeddable":true,"href":"https:\/\/www.ecuriedelamarniere.fr\/index.php\/wp-json\/wp\/v2\/categories?post=669"},{"taxonomy":"post_tag","embeddable":true,"href":"https:\/\/www.ecuriedelamarniere.fr\/index.php\/wp-json\/wp\/v2\/tags?post=669"}],"curies":[{"name":"wp","href":"https:\/\/api.w.org\/{rel}","templated":true}]}}