{"id":1164,"date":"2020-03-21T13:25:09","date_gmt":"2020-03-21T12:25:09","guid":{"rendered":"http:\/\/glequitation.gael-lovat.fr\/?p=1"},"modified":"2026-03-14T20:44:13","modified_gmt":"2026-03-14T19:44:13","slug":"preinscriptions20202021","status":"publish","type":"post","link":"https:\/\/www.ecuriedelamarniere.fr\/index.php\/2020\/03\/21\/preinscriptions20202021\/","title":{"rendered":"Pr\u00e9-inscriptions saison 2020\/2021"},"content":{"rendered":"\n<div class=\"wp-block-image is-style-default\"><figure class=\"alignleft size-large is-resized\"><img loading=\"lazy\" decoding=\"async\" src=\"http:\/\/glequitation.gael-lovat.fr\/wp-content\/uploads\/2020\/04\/inscriptions-1024x370.png\" alt=\"\" class=\"wp-image-278\" width=\"329\" height=\"118\" srcset=\"https:\/\/www.ecuriedelamarniere.fr\/wp-content\/uploads\/2020\/04\/inscriptions-1024x370.png 1024w, https:\/\/www.ecuriedelamarniere.fr\/wp-content\/uploads\/2020\/04\/inscriptions-300x108.png 300w, https:\/\/www.ecuriedelamarniere.fr\/wp-content\/uploads\/2020\/04\/inscriptions-768x278.png 768w, https:\/\/www.ecuriedelamarniere.fr\/wp-content\/uploads\/2020\/04\/inscriptions.png 1079w\" sizes=\"auto, (max-width: 329px) 100vw, 329px\" \/><\/figure><\/div>\n\n\n\n<h3 class=\"wp-block-heading\"><strong>Bonjour \u00e0 tous ! \ud83d\ude42<\/strong><\/h3>\n\n\n\n<p>Les pr\u00e9-inscriptions pour les cours d&rsquo;\u00e9quitation de la saison 2020\/2021 sont ouvertes directement en ligne via l&rsquo;onglet \u00ab\u00a0Pr\u00e9-inscriptions\u00a0\u00bb. <\/p>\n\n\n\n<p>En vous rendant sur cette page, vous pourrez<\/p>\n\n\n\n<ul class=\"wp-block-list\"><li><em>consulter la grille tarifaire <\/em><\/li><li><em>visualiser le planning pr\u00e9visionnel des cours de la rentr\u00e9e 2020\/2021 et vous pr\u00e9-inscrire directement en ligne <\/em><\/li><\/ul>\n\n\n\n<p>Nous sommes impatients de pouvoir vous accueillir et mettons tout en oeuvre pour d\u00e9j\u00e0 r\u00e9pondre \u00e0 vos questions via la page <a href=\"https:\/\/www.ecuriedelamarniere.fr\/contact\/\">contact <\/a>ou facebook. <\/p>\n\n\n\n<p>A tr\u00e8s bient\u00f4t !<\/p>\n","protected":false},"excerpt":{"rendered":"<p>Les pr\u00e9-inscriptions pour les cours d&rsquo;\u00e9quitation de la saison 2020\/2021 sont ouvertes directement en ligne via l&rsquo;onglet \u00ab\u00a0Pr\u00e9-inscriptions\u00a0\u00bb. <\/p>\n","protected":false},"author":1,"featured_media":278,"comment_status":"closed","ping_status":"closed","sticky":false,"template":"","format":"standard","meta":{"footnotes":""},"categories":[5],"tags":[],"class_list":["post-1164","post","type-post","status-publish","format-standard","has-post-thumbnail","hentry","category-actu"],"_links":{"self":[{"href":"https:\/\/www.ecuriedelamarniere.fr\/index.php\/wp-json\/wp\/v2\/posts\/1164","targetHints":{"allow":["GET"]}}],"collection":[{"href":"https:\/\/www.ecuriedelamarniere.fr\/index.php\/wp-json\/wp\/v2\/posts"}],"about":[{"href":"https:\/\/www.ecuriedelamarniere.fr\/index.php\/wp-json\/wp\/v2\/types\/post"}],"author":[{"embeddable":true,"href":"https:\/\/www.ecuriedelamarniere.fr\/index.php\/wp-json\/wp\/v2\/users\/1"}],"replies":[{"embeddable":true,"href":"https:\/\/www.ecuriedelamarniere.fr\/index.php\/wp-json\/wp\/v2\/comments?post=1164"}],"version-history":[{"count":1,"href":"https:\/\/www.ecuriedelamarniere.fr\/index.php\/wp-json\/wp\/v2\/posts\/1164\/revisions"}],"predecessor-version":[{"id":1447,"href":"https:\/\/www.ecuriedelamarniere.fr\/index.php\/wp-json\/wp\/v2\/posts\/1164\/revisions\/1447"}],"wp:featuredmedia":[{"embeddable":true,"href":"https:\/\/www.ecuriedelamarniere.fr\/index.php\/wp-json\/wp\/v2\/media\/278"}],"wp:attachment":[{"href":"https:\/\/www.ecuriedelamarniere.fr\/index.php\/wp-json\/wp\/v2\/media?parent=1164"}],"wp:term":[{"taxonomy":"category","embeddable":true,"href":"https:\/\/www.ecuriedelamarniere.fr\/index.php\/wp-json\/wp\/v2\/categories?post=1164"},{"taxonomy":"post_tag","embeddable":true,"href":"https:\/\/www.ecuriedelamarniere.fr\/index.php\/wp-json\/wp\/v2\/tags?post=1164"}],"curies":[{"name":"wp","href":"https:\/\/api.w.org\/{rel}","templated":true}]}}